{"id":6013,"date":"2026-09-01T12:51:23","date_gmt":"2026-09-01T10:51:23","guid":{"rendered":"https:\/\/zoska.waw.pl\/?p=6013"},"modified":"2026-09-01T12:51:23","modified_gmt":"2026-09-01T10:51:23","slug":"wrzesniowe-zebrania-z-rodzicami-klasy-pierwsze-3-09-klasy-drugie-trzecie-i-czwarte-10-09","status":"publish","type":"post","link":"https:\/\/zoska.waw.pl\/?p=6013","title":{"rendered":"Wrze\u015bniowe zebrania z rodzicami &#8211; klasy pierwsze 3.09, klasy drugie, trzecie i czwarte &#8211; 10.09"},"content":{"rendered":"\n<p class=\"has-background has-medium-font-size wp-block-paragraph\" style=\"background:linear-gradient(135deg,rgb(240,242,237) 0%,rgb(113,206,126) 100%)\">Zebrania z Rodzicami uczni\u00f3w klas pierwszych odb\u0119d\u0105 si\u0119 w najbli\u017cszy czwartek 3.09, natomiast rodzic\u00f3w uczni\u00f3w z klas drugich, trzecich i czwartych zapraszamy w przysz\u0142y czwartek 10.09. Wykaz klas, godzin rozpocz\u0119cia oraz przydzia\u0142 sal lekcyjnych, w kt\u00f3rych odb\u0119d\u0105 si\u0119 zebrania znajd\u0105 Pa\u0144stwo poni\u017cej. Zapraszamy serdecznie.<\/p>\n\n\n\n<figure class=\"wp-block-image size-large\"><img loading=\"lazy\" decoding=\"async\" width=\"800\" height=\"1024\" src=\"https:\/\/zoska.waw.pl\/wp-content\/uploads\/2026\/09\/Screenshot_20260901_124039_Gallery-800x1024.jpg\" alt=\"\" class=\"wp-image-6014\" srcset=\"https:\/\/zoska.waw.pl\/wp-content\/uploads\/2026\/09\/Screenshot_20260901_124039_Gallery-800x1024.jpg 800w, https:\/\/zoska.waw.pl\/wp-content\/uploads\/2026\/09\/Screenshot_20260901_124039_Gallery-234x300.jpg 234w, https:\/\/zoska.waw.pl\/wp-content\/uploads\/2026\/09\/Screenshot_20260901_124039_Gallery-768x983.jpg 768w, https:\/\/zoska.waw.pl\/wp-content\/uploads\/2026\/09\/Screenshot_20260901_124039_Gallery.jpg 1080w\" sizes=\"auto, (max-width: 800px) 100vw, 800px\" \/><\/figure>\n","protected":false},"excerpt":{"rendered":"<p>Zebrania z Rodzicami uczni\u00f3w klas pierwszych odb\u0119d\u0105 si\u0119 w najbli\u017cszy czwartek 3.09, natomiast rodzic\u00f3w uczni\u00f3w z klas drugich, trzecich i czwartych zapraszamy w przysz\u0142y czwartek 10.09. Wykaz klas, godzin rozpocz\u0119cia oraz przydzia\u0142 sal lekcyjnych, w kt\u00f3rych odb\u0119d\u0105 si\u0119 zebrania znajd\u0105 Pa\u0144stwo poni\u017cej. Zapraszamy serdecznie.<\/p>\n","protected":false},"author":3,"featured_media":2278,"comment_status":"closed","ping_status":"","sticky":false,"template":"","format":"standard","meta":{"footnotes":""},"categories":[1],"tags":[],"class_list":["post-6013","post","type-post","status-publish","format-standard","has-post-thumbnail","hentry","category-bez-kategorii"],"_links":{"self":[{"href":"https:\/\/zoska.waw.pl\/index.php?rest_route=\/wp\/v2\/posts\/6013","targetHints":{"allow":["GET"]}}],"collection":[{"href":"https:\/\/zoska.waw.pl\/index.php?rest_route=\/wp\/v2\/posts"}],"about":[{"href":"https:\/\/zoska.waw.pl\/index.php?rest_route=\/wp\/v2\/types\/post"}],"author":[{"embeddable":true,"href":"https:\/\/zoska.waw.pl\/index.php?rest_route=\/wp\/v2\/users\/3"}],"replies":[{"embeddable":true,"href":"https:\/\/zoska.waw.pl\/index.php?rest_route=%2Fwp%2Fv2%2Fcomments&post=6013"}],"version-history":[{"count":1,"href":"https:\/\/zoska.waw.pl\/index.php?rest_route=\/wp\/v2\/posts\/6013\/revisions"}],"predecessor-version":[{"id":6015,"href":"https:\/\/zoska.waw.pl\/index.php?rest_route=\/wp\/v2\/posts\/6013\/revisions\/6015"}],"wp:featuredmedia":[{"embeddable":true,"href":"https:\/\/zoska.waw.pl\/index.php?rest_route=\/wp\/v2\/media\/2278"}],"wp:attachment":[{"href":"https:\/\/zoska.waw.pl\/index.php?rest_route=%2Fwp%2Fv2%2Fmedia&parent=6013"}],"wp:term":[{"taxonomy":"category","embeddable":true,"href":"https:\/\/zoska.waw.pl\/index.php?rest_route=%2Fwp%2Fv2%2Fcategories&post=6013"},{"taxonomy":"post_tag","embeddable":true,"href":"https:\/\/zoska.waw.pl\/index.php?rest_route=%2Fwp%2Fv2%2Ftags&post=6013"}],"curies":[{"name":"wp","href":"https:\/\/api.w.org\/{rel}","templated":true}]}}