{"id":6007,"date":"2026-09-01T10:46:18","date_gmt":"2026-09-01T08:46:18","guid":{"rendered":"https:\/\/zoska.waw.pl\/?p=6007"},"modified":"2026-09-01T10:47:40","modified_gmt":"2026-09-01T08:47:40","slug":"ostatnie-pozegnanie-wandy-traczyk-stawskiej","status":"publish","type":"post","link":"https:\/\/zoska.waw.pl\/?p=6007","title":{"rendered":"Ostatnie Po\u017cegnanie Wandy Traczyk &#8211; Stawskiej"},"content":{"rendered":"\n<p class=\"has-blush-light-purple-gradient-background has-background has-medium-font-size wp-block-paragraph\">W poniedzia\u0142ek 31 sierpnia 2026 roku po\u017cegnali\u015bmy Pani\u0105 Wand\u0119, wielkiego przyjaciela &#8222;Zo\u015bki&#8221;, Powsta\u0144ca Warszawskiego, Harcerk\u0119, Nauczycielk\u0119, Pedagoga, cz\u0142owieka o wielkim sercu i rozumie. Pani Wanda spocz\u0119\u0142a na Cmentarzu Pow\u0105zkowskim, gdzie po\u017cegnali j\u0105 bliscy, przyjaciele i znajomi oraz zwykli mieszka\u0144cy Warszawy, miasta, o kt\u00f3rego wolno\u015b\u0107 walczy\u0142a, i dla kt\u00f3rego, przez ca\u0142e swoje \u017cycie, pracowa\u0142a.<\/p>\n\n\n\n<p class=\"has-pale-ocean-gradient-background has-background has-medium-font-size wp-block-paragraph\">My, jako ca\u0142a spo\u0142eczno\u015b\u0107 szkolna, przysi\u0119gamy, \u017ce we\u017amiemy jej s\u0142owa &#8222;NIGDY WI\u0118CEJ WOJNY&#8221;, g\u0142\u0119boko do serca i b\u0119dziemy robi\u0107 wszystko, by koszmar II wojny \u015bwiatowej nigdy wi\u0119cej si\u0119 nie powt\u00f3rzy\u0142. Cze\u015b\u0107 Jej Pami\u0119ci!<\/p>\n\n\n\n<figure class=\"wp-block-gallery has-nested-images columns-default is-cropped wp-block-gallery-1 is-layout-flex wp-block-gallery-is-layout-flex\">\n<figure class=\"wp-block-image size-large\"><img loading=\"lazy\" decoding=\"async\" width=\"1024\" height=\"452\" data-id=\"6009\" src=\"https:\/\/zoska.waw.pl\/wp-content\/uploads\/2026\/09\/IMG-20260901-WA0005-1-1024x452.jpg\" alt=\"\" class=\"wp-image-6009\" srcset=\"https:\/\/zoska.waw.pl\/wp-content\/uploads\/2026\/09\/IMG-20260901-WA0005-1-1024x452.jpg 1024w, https:\/\/zoska.waw.pl\/wp-content\/uploads\/2026\/09\/IMG-20260901-WA0005-1-300x132.jpg 300w, https:\/\/zoska.waw.pl\/wp-content\/uploads\/2026\/09\/IMG-20260901-WA0005-1-767x339.jpg 767w, https:\/\/zoska.waw.pl\/wp-content\/uploads\/2026\/09\/IMG-20260901-WA0005-1.jpg 1342w\" sizes=\"auto, (max-width: 1024px) 100vw, 1024px\" \/><\/figure>\n<\/figure>\n\n\n\n<figure class=\"wp-block-gallery has-nested-images columns-default is-cropped wp-block-gallery-2 is-layout-flex wp-block-gallery-is-layout-flex\">\n<figure class=\"wp-block-image size-large\"><img loading=\"lazy\" decoding=\"async\" width=\"1024\" height=\"438\" data-id=\"6010\" src=\"https:\/\/zoska.waw.pl\/wp-content\/uploads\/2026\/09\/IMG-20260901-WA0004-1024x438.jpg\" alt=\"\" class=\"wp-image-6010\" srcset=\"https:\/\/zoska.waw.pl\/wp-content\/uploads\/2026\/09\/IMG-20260901-WA0004-1024x438.jpg 1024w, https:\/\/zoska.waw.pl\/wp-content\/uploads\/2026\/09\/IMG-20260901-WA0004-300x128.jpg 300w, https:\/\/zoska.waw.pl\/wp-content\/uploads\/2026\/09\/IMG-20260901-WA0004-767x328.jpg 767w, https:\/\/zoska.waw.pl\/wp-content\/uploads\/2026\/09\/IMG-20260901-WA0004-1536x657.jpg 1536w, https:\/\/zoska.waw.pl\/wp-content\/uploads\/2026\/09\/IMG-20260901-WA0004.jpg 1599w\" sizes=\"auto, (max-width: 1024px) 100vw, 1024px\" \/><\/figure>\n<\/figure>\n","protected":false},"excerpt":{"rendered":"<p>W poniedzia\u0142ek 31 sierpnia 2026 roku po\u017cegnali\u015bmy Pani\u0105 Wand\u0119, wielkiego przyjaciela &#8222;Zo\u015bki&#8221;, Powsta\u0144ca Warszawskiego, Harcerk\u0119, Nauczycielk\u0119, Pedagoga, cz\u0142owieka o wielkim sercu i rozumie. Pani Wanda spocz\u0119\u0142a na Cmentarzu Pow\u0105zkowskim, gdzie po\u017cegnali j\u0105 bliscy, przyjaciele i znajomi oraz zwykli mieszka\u0144cy Warszawy, miasta, o kt\u00f3rego wolno\u015b\u0107 walczy\u0142a, i dla kt\u00f3rego, przez ca\u0142e swoje \u017cycie, pracowa\u0142a. My, jako [&hellip;]<\/p>\n","protected":false},"author":3,"featured_media":6010,"comment_status":"closed","ping_status":"","sticky":false,"template":"","format":"standard","meta":{"footnotes":""},"categories":[8],"tags":[],"class_list":["post-6007","post","type-post","status-publish","format-standard","has-post-thumbnail","hentry","category-aktualnosci"],"_links":{"self":[{"href":"https:\/\/zoska.waw.pl\/index.php?rest_route=\/wp\/v2\/posts\/6007","targetHints":{"allow":["GET"]}}],"collection":[{"href":"https:\/\/zoska.waw.pl\/index.php?rest_route=\/wp\/v2\/posts"}],"about":[{"href":"https:\/\/zoska.waw.pl\/index.php?rest_route=\/wp\/v2\/types\/post"}],"author":[{"embeddable":true,"href":"https:\/\/zoska.waw.pl\/index.php?rest_route=\/wp\/v2\/users\/3"}],"replies":[{"embeddable":true,"href":"https:\/\/zoska.waw.pl\/index.php?rest_route=%2Fwp%2Fv2%2Fcomments&post=6007"}],"version-history":[{"count":2,"href":"https:\/\/zoska.waw.pl\/index.php?rest_route=\/wp\/v2\/posts\/6007\/revisions"}],"predecessor-version":[{"id":6012,"href":"https:\/\/zoska.waw.pl\/index.php?rest_route=\/wp\/v2\/posts\/6007\/revisions\/6012"}],"wp:featuredmedia":[{"embeddable":true,"href":"https:\/\/zoska.waw.pl\/index.php?rest_route=\/wp\/v2\/media\/6010"}],"wp:attachment":[{"href":"https:\/\/zoska.waw.pl\/index.php?rest_route=%2Fwp%2Fv2%2Fmedia&parent=6007"}],"wp:term":[{"taxonomy":"category","embeddable":true,"href":"https:\/\/zoska.waw.pl\/index.php?rest_route=%2Fwp%2Fv2%2Fcategories&post=6007"},{"taxonomy":"post_tag","embeddable":true,"href":"https:\/\/zoska.waw.pl\/index.php?rest_route=%2Fwp%2Fv2%2Ftags&post=6007"}],"curies":[{"name":"wp","href":"https:\/\/api.w.org\/{rel}","templated":true}]}}